{"id":39521,"date":"2026-04-29T21:48:26","date_gmt":"2026-04-30T00:48:26","guid":{"rendered":"https:\/\/altinho.pe.gov.br\/v1\/?p=39521"},"modified":"2026-04-29T21:48:26","modified_gmt":"2026-04-30T00:48:26","slug":"alunos-do-5o-ano-da-rede-municipal-de-ensino-participam-do-concurso-contar-bem","status":"publish","type":"post","link":"https:\/\/altinho.pe.gov.br\/v1\/alunos-do-5o-ano-da-rede-municipal-de-ensino-participam-do-concurso-contar-bem\/","title":{"rendered":"Alunos do 5\u00ba ano da rede municipal de ensino participam do concurso \u201cContar Bem\u201d"},"content":{"rendered":"\n<figure class=\"wp-block-image size-large\"><a href=\"https:\/\/altinho.pe.gov.br\/v1\/wp-content\/uploads\/2026\/04\/WhatsApp-Image-2026-04-29-at-18.17.23.jpeg\"><img loading=\"lazy\" decoding=\"async\" width=\"750\" height=\"563\" src=\"https:\/\/altinho.pe.gov.br\/v1\/wp-content\/uploads\/2026\/04\/WhatsApp-Image-2026-04-29-at-18.17.23-750x563.jpeg\" alt=\"\" class=\"wp-image-39522\" srcset=\"https:\/\/altinho.pe.gov.br\/v1\/wp-content\/uploads\/2026\/04\/WhatsApp-Image-2026-04-29-at-18.17.23-750x563.jpeg 750w, https:\/\/altinho.pe.gov.br\/v1\/wp-content\/uploads\/2026\/04\/WhatsApp-Image-2026-04-29-at-18.17.23-300x225.jpeg 300w, https:\/\/altinho.pe.gov.br\/v1\/wp-content\/uploads\/2026\/04\/WhatsApp-Image-2026-04-29-at-18.17.23-150x113.jpeg 150w, https:\/\/altinho.pe.gov.br\/v1\/wp-content\/uploads\/2026\/04\/WhatsApp-Image-2026-04-29-at-18.17.23-768x576.jpeg 768w, https:\/\/altinho.pe.gov.br\/v1\/wp-content\/uploads\/2026\/04\/WhatsApp-Image-2026-04-29-at-18.17.23.jpeg 1280w\" sizes=\"auto, (max-width: 750px) 100vw, 750px\" \/><\/a><\/figure>\n\n\n\n<p>Escolas do munic\u00edpio na tarde desta quarta-feira, 29 de abril de 2026, o Governo Municipal do Altinho, por meio da Secretaria de Educa\u00e7\u00e3o, Ci\u00eancia e Tecnologia, promoveu a fase municipal do concurso \u201cContar Bem\u201d, voltado para estudantes do 5\u00ba ano do Ensino Fundamental da rede municipal.<\/p>\n\n\n\n<p>O evento contou com a participa\u00e7\u00e3o de sete escolas municipais: Felismino Guedes, Duque de Caxias, Quilombola, Dr. Morais R\u00eago, Maria do Socorro, Manoel Lic\u00f3 e Zeferino Manoel. A iniciativa tem como objetivo incentivar o aprendizado da matem\u00e1tica de forma din\u00e2mica e criativa, estimulando o racioc\u00ednio l\u00f3gico, a comunica\u00e7\u00e3o e a capacidade dos alunos de explicarem conceitos matem\u00e1ticos com clareza e confian\u00e7a.<\/p>\n\n\n\n<figure class=\"wp-block-gallery has-nested-images columns-default is-cropped wp-block-gallery-1 is-layout-flex wp-block-gallery-is-layout-flex\">\n<figure class=\"wp-block-image size-large\"><a href=\"https:\/\/altinho.pe.gov.br\/v1\/wp-content\/uploads\/2026\/04\/WhatsApp-Image-2026-04-29-at-18.17.21.jpeg\"><img loading=\"lazy\" decoding=\"async\" width=\"750\" height=\"563\" data-id=\"39525\" src=\"https:\/\/altinho.pe.gov.br\/v1\/wp-content\/uploads\/2026\/04\/WhatsApp-Image-2026-04-29-at-18.17.21-750x563.jpeg\" alt=\"\" class=\"wp-image-39525\" srcset=\"https:\/\/altinho.pe.gov.br\/v1\/wp-content\/uploads\/2026\/04\/WhatsApp-Image-2026-04-29-at-18.17.21-750x563.jpeg 750w, https:\/\/altinho.pe.gov.br\/v1\/wp-content\/uploads\/2026\/04\/WhatsApp-Image-2026-04-29-at-18.17.21-300x225.jpeg 300w, https:\/\/altinho.pe.gov.br\/v1\/wp-content\/uploads\/2026\/04\/WhatsApp-Image-2026-04-29-at-18.17.21-150x113.jpeg 150w, https:\/\/altinho.pe.gov.br\/v1\/wp-content\/uploads\/2026\/04\/WhatsApp-Image-2026-04-29-at-18.17.21-768x576.jpeg 768w, https:\/\/altinho.pe.gov.br\/v1\/wp-content\/uploads\/2026\/04\/WhatsApp-Image-2026-04-29-at-18.17.21.jpeg 1280w\" sizes=\"auto, (max-width: 750px) 100vw, 750px\" \/><\/a><\/figure>\n\n\n\n<figure class=\"wp-block-image size-large\"><a href=\"https:\/\/altinho.pe.gov.br\/v1\/wp-content\/uploads\/2026\/04\/WhatsApp-Image-2026-04-29-at-18.17.22-1.jpeg\"><img loading=\"lazy\" decoding=\"async\" width=\"750\" height=\"563\" data-id=\"39527\" src=\"https:\/\/altinho.pe.gov.br\/v1\/wp-content\/uploads\/2026\/04\/WhatsApp-Image-2026-04-29-at-18.17.22-1-750x563.jpeg\" alt=\"\" class=\"wp-image-39527\" srcset=\"https:\/\/altinho.pe.gov.br\/v1\/wp-content\/uploads\/2026\/04\/WhatsApp-Image-2026-04-29-at-18.17.22-1-750x563.jpeg 750w, https:\/\/altinho.pe.gov.br\/v1\/wp-content\/uploads\/2026\/04\/WhatsApp-Image-2026-04-29-at-18.17.22-1-300x225.jpeg 300w, https:\/\/altinho.pe.gov.br\/v1\/wp-content\/uploads\/2026\/04\/WhatsApp-Image-2026-04-29-at-18.17.22-1-150x113.jpeg 150w, https:\/\/altinho.pe.gov.br\/v1\/wp-content\/uploads\/2026\/04\/WhatsApp-Image-2026-04-29-at-18.17.22-1-768x576.jpeg 768w, https:\/\/altinho.pe.gov.br\/v1\/wp-content\/uploads\/2026\/04\/WhatsApp-Image-2026-04-29-at-18.17.22-1.jpeg 1280w\" sizes=\"auto, (max-width: 750px) 100vw, 750px\" \/><\/a><\/figure>\n\n\n\n<figure class=\"wp-block-image size-large\"><a href=\"https:\/\/altinho.pe.gov.br\/v1\/wp-content\/uploads\/2026\/04\/WhatsApp-Image-2026-04-29-at-18.17.22-2.jpeg\"><img loading=\"lazy\" decoding=\"async\" width=\"750\" height=\"563\" data-id=\"39523\" src=\"https:\/\/altinho.pe.gov.br\/v1\/wp-content\/uploads\/2026\/04\/WhatsApp-Image-2026-04-29-at-18.17.22-2-750x563.jpeg\" alt=\"\" class=\"wp-image-39523\" srcset=\"https:\/\/altinho.pe.gov.br\/v1\/wp-content\/uploads\/2026\/04\/WhatsApp-Image-2026-04-29-at-18.17.22-2-750x563.jpeg 750w, https:\/\/altinho.pe.gov.br\/v1\/wp-content\/uploads\/2026\/04\/WhatsApp-Image-2026-04-29-at-18.17.22-2-300x225.jpeg 300w, https:\/\/altinho.pe.gov.br\/v1\/wp-content\/uploads\/2026\/04\/WhatsApp-Image-2026-04-29-at-18.17.22-2-150x113.jpeg 150w, https:\/\/altinho.pe.gov.br\/v1\/wp-content\/uploads\/2026\/04\/WhatsApp-Image-2026-04-29-at-18.17.22-2-768x576.jpeg 768w, https:\/\/altinho.pe.gov.br\/v1\/wp-content\/uploads\/2026\/04\/WhatsApp-Image-2026-04-29-at-18.17.22-2.jpeg 1280w\" sizes=\"auto, (max-width: 750px) 100vw, 750px\" \/><\/a><\/figure>\n\n\n\n<figure class=\"wp-block-image size-large\"><a href=\"https:\/\/altinho.pe.gov.br\/v1\/wp-content\/uploads\/2026\/04\/WhatsApp-Image-2026-04-29-at-18.17.22-3.jpeg\"><img loading=\"lazy\" decoding=\"async\" width=\"750\" height=\"563\" data-id=\"39524\" src=\"https:\/\/altinho.pe.gov.br\/v1\/wp-content\/uploads\/2026\/04\/WhatsApp-Image-2026-04-29-at-18.17.22-3-750x563.jpeg\" alt=\"\" class=\"wp-image-39524\" srcset=\"https:\/\/altinho.pe.gov.br\/v1\/wp-content\/uploads\/2026\/04\/WhatsApp-Image-2026-04-29-at-18.17.22-3-750x563.jpeg 750w, https:\/\/altinho.pe.gov.br\/v1\/wp-content\/uploads\/2026\/04\/WhatsApp-Image-2026-04-29-at-18.17.22-3-300x225.jpeg 300w, https:\/\/altinho.pe.gov.br\/v1\/wp-content\/uploads\/2026\/04\/WhatsApp-Image-2026-04-29-at-18.17.22-3-150x113.jpeg 150w, https:\/\/altinho.pe.gov.br\/v1\/wp-content\/uploads\/2026\/04\/WhatsApp-Image-2026-04-29-at-18.17.22-3-768x576.jpeg 768w, https:\/\/altinho.pe.gov.br\/v1\/wp-content\/uploads\/2026\/04\/WhatsApp-Image-2026-04-29-at-18.17.22-3.jpeg 1280w\" sizes=\"auto, (max-width: 750px) 100vw, 750px\" \/><\/a><\/figure>\n\n\n\n<figure class=\"wp-block-image size-large\"><a href=\"https:\/\/altinho.pe.gov.br\/v1\/wp-content\/uploads\/2026\/04\/WhatsApp-Image-2026-04-29-at-18.17.22.jpeg\"><img loading=\"lazy\" decoding=\"async\" width=\"750\" height=\"563\" data-id=\"39526\" src=\"https:\/\/altinho.pe.gov.br\/v1\/wp-content\/uploads\/2026\/04\/WhatsApp-Image-2026-04-29-at-18.17.22-750x563.jpeg\" alt=\"\" class=\"wp-image-39526\" srcset=\"https:\/\/altinho.pe.gov.br\/v1\/wp-content\/uploads\/2026\/04\/WhatsApp-Image-2026-04-29-at-18.17.22-750x563.jpeg 750w, https:\/\/altinho.pe.gov.br\/v1\/wp-content\/uploads\/2026\/04\/WhatsApp-Image-2026-04-29-at-18.17.22-300x225.jpeg 300w, https:\/\/altinho.pe.gov.br\/v1\/wp-content\/uploads\/2026\/04\/WhatsApp-Image-2026-04-29-at-18.17.22-150x113.jpeg 150w, https:\/\/altinho.pe.gov.br\/v1\/wp-content\/uploads\/2026\/04\/WhatsApp-Image-2026-04-29-at-18.17.22-768x576.jpeg 768w, https:\/\/altinho.pe.gov.br\/v1\/wp-content\/uploads\/2026\/04\/WhatsApp-Image-2026-04-29-at-18.17.22.jpeg 1280w\" sizes=\"auto, (max-width: 750px) 100vw, 750px\" \/><\/a><\/figure>\n<\/figure>\n\n\n\n<p>O grande vencedor foi o aluno Hernandes Miguel, da Escola Dr. Morais R\u00eago, que conquistou o primeiro lugar e representar\u00e1 o munic\u00edpio na pr\u00f3xima fase do concurso.<\/p>\n\n\n\n<p>A etapa regional acontecer\u00e1 no munic\u00edpio de Palmares, no dia 14 de maio de 2026, onde o estudante altinense levar\u00e1 o talento e a dedica\u00e7\u00e3o da rede municipal de ensino.<\/p>\n\n\n\n<p>O governo municipal parabeniza todos os participantes, professores e equipes escolares envolvidas, refor\u00e7ando o compromisso com a educa\u00e7\u00e3o de qualidade e o incentivo \u00e0s pr\u00e1ticas de leitura e express\u00e3o oral no munic\u00edpio.<\/p>\n\n\n\n<p>Prefeitura do Altinho<br><strong><em>GOVERNO DE UNI\u00c3O, INCLUS\u00c3O E IGUALDADE<\/em><\/strong><br>ASCOM \u2013 Assessoria de Comunica\u00e7\u00e3o, Jornalismo e Publicidade \u00a92026<\/p>\n","protected":false},"excerpt":{"rendered":"<p>Escolas do munic\u00edpio na tarde desta quarta-feira, 29 de abril de 2026, o Governo Municipal do Altinho, por meio da Secretaria de Educa\u00e7\u00e3o, Ci\u00eancia e Tecnologia, promoveu a fase municipal do concurso <a class=\"leiamais\" href=\"https:\/\/altinho.pe.gov.br\/v1\/alunos-do-5o-ano-da-rede-municipal-de-ensino-participam-do-concurso-contar-bem\/\">LEIA MAIS <i class=\"fa fa-angle-double-right\" aria-hidden=\"true\"><\/i><br \/>\n<\/a><\/p>\n","protected":false},"author":2,"featured_media":39522,"comment_status":"open","ping_status":"closed","sticky":false,"template":"","format":"standard","meta":{"footnotes":""},"categories":[6],"tags":[],"class_list":["post-39521","post","type-post","status-publish","format-standard","has-post-thumbnail","hentry","category-noticias","active"],"_links":{"self":[{"href":"https:\/\/altinho.pe.gov.br\/v1\/wp-json\/wp\/v2\/posts\/39521","targetHints":{"allow":["GET"]}}],"collection":[{"href":"https:\/\/altinho.pe.gov.br\/v1\/wp-json\/wp\/v2\/posts"}],"about":[{"href":"https:\/\/altinho.pe.gov.br\/v1\/wp-json\/wp\/v2\/types\/post"}],"author":[{"embeddable":true,"href":"https:\/\/altinho.pe.gov.br\/v1\/wp-json\/wp\/v2\/users\/2"}],"replies":[{"embeddable":true,"href":"https:\/\/altinho.pe.gov.br\/v1\/wp-json\/wp\/v2\/comments?post=39521"}],"version-history":[{"count":1,"href":"https:\/\/altinho.pe.gov.br\/v1\/wp-json\/wp\/v2\/posts\/39521\/revisions"}],"predecessor-version":[{"id":39528,"href":"https:\/\/altinho.pe.gov.br\/v1\/wp-json\/wp\/v2\/posts\/39521\/revisions\/39528"}],"wp:featuredmedia":[{"embeddable":true,"href":"https:\/\/altinho.pe.gov.br\/v1\/wp-json\/wp\/v2\/media\/39522"}],"wp:attachment":[{"href":"https:\/\/altinho.pe.gov.br\/v1\/wp-json\/wp\/v2\/media?parent=39521"}],"wp:term":[{"taxonomy":"category","embeddable":true,"href":"https:\/\/altinho.pe.gov.br\/v1\/wp-json\/wp\/v2\/categories?post=39521"},{"taxonomy":"post_tag","embeddable":true,"href":"https:\/\/altinho.pe.gov.br\/v1\/wp-json\/wp\/v2\/tags?post=39521"}],"curies":[{"name":"wp","href":"https:\/\/api.w.org\/{rel}","templated":true}]}}