{"id":37661,"date":"2025-07-08T16:44:57","date_gmt":"2025-07-08T19:44:57","guid":{"rendered":"https:\/\/altinho.pe.gov.br\/v1\/?p=37661"},"modified":"2025-07-11T12:21:19","modified_gmt":"2025-07-11T15:21:19","slug":"edital-de-selecao-publica-para-preenchimento-vagas-no-curso-tecnico-em-enfermagem-no-002-2025-secretaria-de-juventude-direitos-humanos-e-empreendedorismo","status":"publish","type":"post","link":"https:\/\/altinho.pe.gov.br\/v1\/edital-de-selecao-publica-para-preenchimento-vagas-no-curso-tecnico-em-enfermagem-no-002-2025-secretaria-de-juventude-direitos-humanos-e-empreendedorismo\/","title":{"rendered":"EDITAL DE SELE\u00c7\u00c3O P\u00daBLICA PARA PREENCHIMENTO VAGAS NO CURSO T\u00c9CNICO EM ENFERMAGEM N\u00ba 002-2025 \u2013 SECRETARIA DE JUVENTUDE, DIREITOS HUMANOS E EMPREENDEDORISMO"},"content":{"rendered":"\n<figure class=\"wp-block-image size-large\"><img loading=\"lazy\" decoding=\"async\" width=\"750\" height=\"530\" src=\"https:\/\/altinho.pe.gov.br\/v1\/wp-content\/uploads\/2025\/07\/Sem-Titulo-1-750x530.png\" alt=\"\" class=\"wp-image-37662\" srcset=\"https:\/\/altinho.pe.gov.br\/v1\/wp-content\/uploads\/2025\/07\/Sem-Titulo-1-750x530.png 750w, https:\/\/altinho.pe.gov.br\/v1\/wp-content\/uploads\/2025\/07\/Sem-Titulo-1-300x212.png 300w, https:\/\/altinho.pe.gov.br\/v1\/wp-content\/uploads\/2025\/07\/Sem-Titulo-1-150x106.png 150w, https:\/\/altinho.pe.gov.br\/v1\/wp-content\/uploads\/2025\/07\/Sem-Titulo-1-768x542.png 768w, https:\/\/altinho.pe.gov.br\/v1\/wp-content\/uploads\/2025\/07\/Sem-Titulo-1-1536x1084.png 1536w, https:\/\/altinho.pe.gov.br\/v1\/wp-content\/uploads\/2025\/07\/Sem-Titulo-1.png 2000w\" sizes=\"auto, (max-width: 750px) 100vw, 750px\" \/><\/figure>\n\n\n\n<p>O MUNIC\u00cdPIO DE ALTINHO, Estado de Pernambuco, por meio da Secretaria de Juventude, Direitos Humanos e Empreendedorismo, no uso de suas atribui\u00e7\u00f5es legais e em conformidade com o disposto no art. 37, inciso IX, da Constitui\u00e7\u00e3o Federal, TORNA P\u00daBLICA a abertura de inscri\u00e7\u00f5es para o Curso T\u00e9cnico em Enfermagem, contendo 40 (quarenta) vagas, promovido em parceria com o Servi\u00e7o Nacional de Aprendizagem Comercial \u2013 SENAC\/PE.<\/p>\n\n\n\n<p>Este processo seletivo tem como finalidade preenchimento de 40 (quarenta) vagas no Curso T\u00e9cnico em Enfermagem.<\/p>\n\n\n\n<p>O curso ter\u00e1 in\u00edcio previsto para o dia 06 de agosto de 2025 e ser\u00e1 ofertado em duas turmas de 20 alunos cada, com as seguintes modalidades de hor\u00e1rio:<br>\u2022Turma 1: das 13h \u00e0s 17h, de segunda a sexta-feira;<br>\u2022Turma 2: das 18h \u00e0s 22h, de segunda a sexta-feira.<\/p>\n\n\n\n<p>As inscri\u00e7\u00f5es ser\u00e3o realizadas nas seguintes datas: 14, 15, 16, 17, 18, 21, 22, 23, 24 e 25 de julho de 2025, conforme as modalidades abaixo:<\/p>\n\n\n\n<p>a) Presencialmente: na sede da Secretaria Municipal de juventude, localizada na Pra\u00e7a Jos\u00e9 Ferreira de Lima, n\u00ba 26, Centro, Altinho-PE;<\/p>\n\n\n\n<p>b) Via postal: mediante envio com AR (Aviso de Recebimento) para o endere\u00e7o: Pra\u00e7a Jos\u00e9 Ferreira de Lima, n\u00ba 26, Centro, Altinho-PE, CEP 55490-000.<\/p>\n\n\n\n<p>Par\u00e1grafo \u00danico: No caso de inscri\u00e7\u00e3o realizada via postal, o candidato dever\u00e1 comunicar a realiza\u00e7\u00e3o da inscri\u00e7\u00e3o enviando mensagens para o e-mail: selecaosimplificada@altinho.pe.gov.br. A mensagem dever\u00e1 conter:<br>\u2022Comprovante de postagem (carta registrada, telegrama ou Sedex);<br>\u2022C\u00f3pias digitalizadas de todos os documentos enviados na postagem.<\/p>\n\n\n\n<h2 class=\"wp-block-heading\">LEIA O EDITAL COMPLETO PARA MAIORES INFORMA\u00c7\u00d5ES<\/h2>\n\n\n\n<p>O Curso T\u00e9cnico em Enfermagem, promovido por meio de parceria entre a Prefeitura de Altinho e o Servi\u00e7o Nacional de Aprendizagem Comercial de Pernambuco \u2013 SENAC\/PE, tem como objetivo formar profissionais qualificados para atuar com compet\u00eancia t\u00e9cnica, responsabilidade \u00e9tica e sensibilidade humana na \u00e1rea da sa\u00fade.<\/p>\n\n\n\n<p>Com carga hor\u00e1ria de 1.800 horas, o curso \u00e9 estruturado para oferecer uma forma\u00e7\u00e3o s\u00f3lida, aliando teoria e pr\u00e1tica, e preparando os alunos para o exerc\u00edcio das atividades de enfermagem em diversos n\u00edveis de aten\u00e7\u00e3o \u00e0 sa\u00fade, como hospitais, unidades b\u00e1sicas, cl\u00ednicas, institui\u00e7\u00f5es de longa perman\u00eancia e domic\u00edlios.<\/p>\n\n\n\n<p>A iniciativa integra a pol\u00edtica municipal de forma\u00e7\u00e3o profissional para juventudes em situa\u00e7\u00e3o de vulnerabilidade social, ampliando o acesso a oportunidades de capacita\u00e7\u00e3o e inser\u00e7\u00e3o no mercado de trabalho, em uma das \u00e1reas com maior demanda por profissionais qualificados.<\/p>\n\n\n\n<p>Ao final do curso, os(as) concluintes receber\u00e3o certifica\u00e7\u00e3o t\u00e9cnica reconhecida nacionalmente, com registro no Conselho Regional de Enfermagem (COREN), aptos a atuar como T\u00e9cnicos(as) em Enfermagem em todo o territ\u00f3rio nacional.<\/p>\n\n\n\n<p>O resultado final do processo de sele\u00e7\u00e3o p\u00fablica ser\u00e1 divulgado no dia 31 de julho de 2025, sendo a rela\u00e7\u00e3o de aprovados publicada no Di\u00e1rio Oficial da AMUPE.<\/p>\n\n\n\n<p>A lista de classificados tamb\u00e9m ser\u00e1 afixada nas sedes da Prefeitura Municipal de Altinho-PE e da Secretaria Municipal de Juventude, Direitos Humanos e Empreendedorismo, al\u00e9m de ser disponibilizada no site oficial da Prefeitura pelo link: <a href=\"http:\/\/www.altinho.pe.gov.br\">www.altinho.pe.gov.br<\/a>.<\/p>\n\n\n\n<div data-wp-interactive=\"core\/file\" class=\"wp-block-file\"><object data-wp-bind--hidden=\"!state.hasPdfPreview\" hidden class=\"wp-block-file__embed\" data=\"https:\/\/altinho.pe.gov.br\/v1\/wp-content\/uploads\/2025\/07\/EDITAL-DE-SELECAO-PUBLICA-PARA-PREENCHIMENTO-VAGAS-NO-CURSO-TECNICO-EM-ENFERMAGEM-No-002-2025-Assinado.pdf\" type=\"application\/pdf\" style=\"width:100%;height:600px\" aria-label=\"Incorporado de EDITAL DE SELE\u00c7\u00c3O P\u00daBLICA PARA PREENCHIMENTO VAGAS NO CURSO T\u00c9CNICO EM ENFERMAGEM N\u00ba 002-2025 Assinado.\"><\/object><a id=\"wp-block-file--media-36e0b5dc-1549-4478-b9a9-7fc124a05718\" href=\"https:\/\/altinho.pe.gov.br\/v1\/wp-content\/uploads\/2025\/07\/EDITAL-DE-SELECAO-PUBLICA-PARA-PREENCHIMENTO-VAGAS-NO-CURSO-TECNICO-EM-ENFERMAGEM-No-002-2025-Assinado.pdf\">EDITAL DE SELE\u00c7\u00c3O P\u00daBLICA PARA PREENCHIMENTO VAGAS NO CURSO T\u00c9CNICO EM ENFERMAGEM N\u00ba 002-2025 Assinado<\/a><a href=\"https:\/\/altinho.pe.gov.br\/v1\/wp-content\/uploads\/2025\/07\/EDITAL-DE-SELECAO-PUBLICA-PARA-PREENCHIMENTO-VAGAS-NO-CURSO-TECNICO-EM-ENFERMAGEM-No-002-2025-Assinado.pdf\" class=\"wp-block-file__button wp-element-button\" download aria-describedby=\"wp-block-file--media-36e0b5dc-1549-4478-b9a9-7fc124a05718\">Baixar<\/a><\/div>\n\n\n\n<p>Prefeitura do Altinho<br><strong>UNI\u00c3O, INCLUS\u00c3O E IGUALDADE<\/strong><br>ASCOM \u2013 Assessoria de Comunica\u00e7\u00e3o, Jornalismo e Publicidade \u00a92025<\/p>\n","protected":false},"excerpt":{"rendered":"<p>O MUNIC\u00cdPIO DE ALTINHO, Estado de Pernambuco, por meio da Secretaria de Juventude, Direitos Humanos e Empreendedorismo, no uso de suas atribui\u00e7\u00f5es legais e em conformidade com o disposto no art. 37, <a class=\"leiamais\" href=\"https:\/\/altinho.pe.gov.br\/v1\/edital-de-selecao-publica-para-preenchimento-vagas-no-curso-tecnico-em-enfermagem-no-002-2025-secretaria-de-juventude-direitos-humanos-e-empreendedorismo\/\">LEIA MAIS <i class=\"fa fa-angle-double-right\" aria-hidden=\"true\"><\/i><br \/>\n<\/a><\/p>\n","protected":false},"author":2,"featured_media":37662,"comment_status":"open","ping_status":"closed","sticky":false,"template":"","format":"standard","meta":{"footnotes":""},"categories":[3],"tags":[],"class_list":["post-37661","post","type-post","status-publish","format-standard","has-post-thumbnail","hentry","category-slider-principal","active"],"_links":{"self":[{"href":"https:\/\/altinho.pe.gov.br\/v1\/wp-json\/wp\/v2\/posts\/37661","targetHints":{"allow":["GET"]}}],"collection":[{"href":"https:\/\/altinho.pe.gov.br\/v1\/wp-json\/wp\/v2\/posts"}],"about":[{"href":"https:\/\/altinho.pe.gov.br\/v1\/wp-json\/wp\/v2\/types\/post"}],"author":[{"embeddable":true,"href":"https:\/\/altinho.pe.gov.br\/v1\/wp-json\/wp\/v2\/users\/2"}],"replies":[{"embeddable":true,"href":"https:\/\/altinho.pe.gov.br\/v1\/wp-json\/wp\/v2\/comments?post=37661"}],"version-history":[{"count":3,"href":"https:\/\/altinho.pe.gov.br\/v1\/wp-json\/wp\/v2\/posts\/37661\/revisions"}],"predecessor-version":[{"id":37692,"href":"https:\/\/altinho.pe.gov.br\/v1\/wp-json\/wp\/v2\/posts\/37661\/revisions\/37692"}],"wp:featuredmedia":[{"embeddable":true,"href":"https:\/\/altinho.pe.gov.br\/v1\/wp-json\/wp\/v2\/media\/37662"}],"wp:attachment":[{"href":"https:\/\/altinho.pe.gov.br\/v1\/wp-json\/wp\/v2\/media?parent=37661"}],"wp:term":[{"taxonomy":"category","embeddable":true,"href":"https:\/\/altinho.pe.gov.br\/v1\/wp-json\/wp\/v2\/categories?post=37661"},{"taxonomy":"post_tag","embeddable":true,"href":"https:\/\/altinho.pe.gov.br\/v1\/wp-json\/wp\/v2\/tags?post=37661"}],"curies":[{"name":"wp","href":"https:\/\/api.w.org\/{rel}","templated":true}]}}