{"id":37498,"date":"2025-07-03T23:03:27","date_gmt":"2025-07-04T02:03:27","guid":{"rendered":"https:\/\/altinho.pe.gov.br\/v1\/?p=37498"},"modified":"2025-07-03T23:03:45","modified_gmt":"2025-07-04T02:03:45","slug":"governo-municipal-avanca-no-processo-de-armamento-da-guarda-civil-municipal","status":"publish","type":"post","link":"https:\/\/altinho.pe.gov.br\/v1\/governo-municipal-avanca-no-processo-de-armamento-da-guarda-civil-municipal\/","title":{"rendered":"GOVERNO MUNICIPAL AVAN\u00c7A NO PROCESSO DE ARMAMENTO DA GUARDA CIVIL MUNICIPAL"},"content":{"rendered":"\n<figure class=\"wp-block-image size-large\"><a href=\"https:\/\/altinho.pe.gov.br\/v1\/wp-content\/uploads\/2025\/07\/WhatsApp-Image-2025-07-03-at-15.53.06-1-scaled.jpeg\"><img loading=\"lazy\" decoding=\"async\" width=\"750\" height=\"563\" src=\"https:\/\/altinho.pe.gov.br\/v1\/wp-content\/uploads\/2025\/07\/WhatsApp-Image-2025-07-03-at-15.53.06-1-750x563.jpeg\" alt=\"\" class=\"wp-image-37499\" srcset=\"https:\/\/altinho.pe.gov.br\/v1\/wp-content\/uploads\/2025\/07\/WhatsApp-Image-2025-07-03-at-15.53.06-1-750x563.jpeg 750w, https:\/\/altinho.pe.gov.br\/v1\/wp-content\/uploads\/2025\/07\/WhatsApp-Image-2025-07-03-at-15.53.06-1-300x225.jpeg 300w, https:\/\/altinho.pe.gov.br\/v1\/wp-content\/uploads\/2025\/07\/WhatsApp-Image-2025-07-03-at-15.53.06-1-150x113.jpeg 150w, https:\/\/altinho.pe.gov.br\/v1\/wp-content\/uploads\/2025\/07\/WhatsApp-Image-2025-07-03-at-15.53.06-1-768x576.jpeg 768w, https:\/\/altinho.pe.gov.br\/v1\/wp-content\/uploads\/2025\/07\/WhatsApp-Image-2025-07-03-at-15.53.06-1-1536x1152.jpeg 1536w, https:\/\/altinho.pe.gov.br\/v1\/wp-content\/uploads\/2025\/07\/WhatsApp-Image-2025-07-03-at-15.53.06-1-2048x1536.jpeg 2048w\" sizes=\"auto, (max-width: 750px) 100vw, 750px\" \/><\/a><\/figure>\n\n\n\n<p>Na manh\u00e3 desta quinta-feira, 03 de julho de 2025, o Governo Municipal do Altinho deu mais um passo importante na \u00e1rea da seguran\u00e7a p\u00fablica. Representantes da gest\u00e3o estiveram na Superintend\u00eancia da Pol\u00edcia Federal, onde foram recebidos pelo Delegado Federal Daniel Silvestre de Lima e pela Delegada Carla Sasson, para tratar do processo de armamento da Guarda Civil Municipal (GCM).<\/p>\n\n\n\n<p>O encontro teve como objetivo alinhar os procedimentos legais, t\u00e9cnicos e operacionais necess\u00e1rios para a autoriza\u00e7\u00e3o e implementa\u00e7\u00e3o do armamento dos agentes da GCM, em total conformidade com a legisla\u00e7\u00e3o vigente e sob a orienta\u00e7\u00e3o da Pol\u00edcia Federal.<\/p>\n\n\n\n<figure class=\"wp-block-gallery has-nested-images columns-default is-cropped wp-block-gallery-1 is-layout-flex wp-block-gallery-is-layout-flex\">\n<figure class=\"wp-block-image size-large\"><a href=\"https:\/\/altinho.pe.gov.br\/v1\/wp-content\/uploads\/2025\/07\/WhatsApp-Image-2025-07-03-at-15.53.02-1-scaled.jpeg\"><img loading=\"lazy\" decoding=\"async\" width=\"750\" height=\"563\" data-id=\"37502\" src=\"https:\/\/altinho.pe.gov.br\/v1\/wp-content\/uploads\/2025\/07\/WhatsApp-Image-2025-07-03-at-15.53.02-1-750x563.jpeg\" alt=\"\" class=\"wp-image-37502\" srcset=\"https:\/\/altinho.pe.gov.br\/v1\/wp-content\/uploads\/2025\/07\/WhatsApp-Image-2025-07-03-at-15.53.02-1-750x563.jpeg 750w, https:\/\/altinho.pe.gov.br\/v1\/wp-content\/uploads\/2025\/07\/WhatsApp-Image-2025-07-03-at-15.53.02-1-300x225.jpeg 300w, https:\/\/altinho.pe.gov.br\/v1\/wp-content\/uploads\/2025\/07\/WhatsApp-Image-2025-07-03-at-15.53.02-1-150x113.jpeg 150w, https:\/\/altinho.pe.gov.br\/v1\/wp-content\/uploads\/2025\/07\/WhatsApp-Image-2025-07-03-at-15.53.02-1-768x576.jpeg 768w, https:\/\/altinho.pe.gov.br\/v1\/wp-content\/uploads\/2025\/07\/WhatsApp-Image-2025-07-03-at-15.53.02-1-1536x1152.jpeg 1536w, https:\/\/altinho.pe.gov.br\/v1\/wp-content\/uploads\/2025\/07\/WhatsApp-Image-2025-07-03-at-15.53.02-1-2048x1536.jpeg 2048w\" sizes=\"auto, (max-width: 750px) 100vw, 750px\" \/><\/a><\/figure>\n\n\n\n<figure class=\"wp-block-image size-large\"><a href=\"https:\/\/altinho.pe.gov.br\/v1\/wp-content\/uploads\/2025\/07\/WhatsApp-Image-2025-07-03-at-15.53.03-scaled.jpeg\"><img loading=\"lazy\" decoding=\"async\" width=\"750\" height=\"563\" data-id=\"37500\" src=\"https:\/\/altinho.pe.gov.br\/v1\/wp-content\/uploads\/2025\/07\/WhatsApp-Image-2025-07-03-at-15.53.03-750x563.jpeg\" alt=\"\" class=\"wp-image-37500\" srcset=\"https:\/\/altinho.pe.gov.br\/v1\/wp-content\/uploads\/2025\/07\/WhatsApp-Image-2025-07-03-at-15.53.03-750x563.jpeg 750w, https:\/\/altinho.pe.gov.br\/v1\/wp-content\/uploads\/2025\/07\/WhatsApp-Image-2025-07-03-at-15.53.03-300x225.jpeg 300w, https:\/\/altinho.pe.gov.br\/v1\/wp-content\/uploads\/2025\/07\/WhatsApp-Image-2025-07-03-at-15.53.03-150x113.jpeg 150w, https:\/\/altinho.pe.gov.br\/v1\/wp-content\/uploads\/2025\/07\/WhatsApp-Image-2025-07-03-at-15.53.03-768x576.jpeg 768w, https:\/\/altinho.pe.gov.br\/v1\/wp-content\/uploads\/2025\/07\/WhatsApp-Image-2025-07-03-at-15.53.03-1536x1152.jpeg 1536w, https:\/\/altinho.pe.gov.br\/v1\/wp-content\/uploads\/2025\/07\/WhatsApp-Image-2025-07-03-at-15.53.03-2048x1536.jpeg 2048w\" sizes=\"auto, (max-width: 750px) 100vw, 750px\" \/><\/a><\/figure>\n\n\n\n<figure class=\"wp-block-image size-large\"><a href=\"https:\/\/altinho.pe.gov.br\/v1\/wp-content\/uploads\/2025\/07\/WhatsApp-Image-2025-07-03-at-15.53.05-scaled.jpeg\"><img loading=\"lazy\" decoding=\"async\" width=\"750\" height=\"563\" data-id=\"37501\" src=\"https:\/\/altinho.pe.gov.br\/v1\/wp-content\/uploads\/2025\/07\/WhatsApp-Image-2025-07-03-at-15.53.05-750x563.jpeg\" alt=\"\" class=\"wp-image-37501\" srcset=\"https:\/\/altinho.pe.gov.br\/v1\/wp-content\/uploads\/2025\/07\/WhatsApp-Image-2025-07-03-at-15.53.05-750x563.jpeg 750w, https:\/\/altinho.pe.gov.br\/v1\/wp-content\/uploads\/2025\/07\/WhatsApp-Image-2025-07-03-at-15.53.05-300x225.jpeg 300w, https:\/\/altinho.pe.gov.br\/v1\/wp-content\/uploads\/2025\/07\/WhatsApp-Image-2025-07-03-at-15.53.05-150x113.jpeg 150w, https:\/\/altinho.pe.gov.br\/v1\/wp-content\/uploads\/2025\/07\/WhatsApp-Image-2025-07-03-at-15.53.05-768x576.jpeg 768w, https:\/\/altinho.pe.gov.br\/v1\/wp-content\/uploads\/2025\/07\/WhatsApp-Image-2025-07-03-at-15.53.05-1536x1152.jpeg 1536w, https:\/\/altinho.pe.gov.br\/v1\/wp-content\/uploads\/2025\/07\/WhatsApp-Image-2025-07-03-at-15.53.05-2048x1536.jpeg 2048w\" sizes=\"auto, (max-width: 750px) 100vw, 750px\" \/><\/a><\/figure>\n<\/figure>\n\n\n\n<p>Participaram da reuni\u00e3o o Secret\u00e1rio de Governo, Planejamento e Seguran\u00e7a Cidad\u00e3, S\u00e1vio Omena; o Secret\u00e1rio de Tr\u00e2nsito e Transporte, Marcos Paulo; a professora Litiane, especialista em seguran\u00e7a p\u00fablica; al\u00e9m do Comandante da GCM, Edson Albuquerque, e da Subcomandante Marcela Nogueira.<\/p>\n\n\n\n<p>O armamento da Guarda Civil Municipal representa um marco para a seguran\u00e7a p\u00fablica em Altinho, ampliando a capacidade de atua\u00e7\u00e3o dos agentes e fortalecendo o trabalho j\u00e1 desenvolvido em prol da ordem e da prote\u00e7\u00e3o da popula\u00e7\u00e3o.<\/p>\n\n\n\n<p>A Prefeitura do Altinho reafirma seu compromisso com a seguran\u00e7a da popula\u00e7\u00e3o e com a valoriza\u00e7\u00e3o dos profissionais que atuam na linha de frente, investindo em medidas concretas para garantir uma cidade cada vez mais segura e preparada para enfrentar os desafios do presente e do futuro.<\/p>\n\n\n\n<p>Prefeitura do Altinho<br><strong>UNI\u00c3O, INCLUS\u00c3O E IGUALDADE<\/strong><br>ASCOM \u2013 Assessoria de Comunica\u00e7\u00e3o, Jornalismo e Publicidade \u00a92025<\/p>\n","protected":false},"excerpt":{"rendered":"<p>Na manh\u00e3 desta quinta-feira, 03 de julho de 2025, o Governo Municipal do Altinho deu mais um passo importante na \u00e1rea da seguran\u00e7a p\u00fablica. Representantes da gest\u00e3o estiveram na Superintend\u00eancia da Pol\u00edcia <a class=\"leiamais\" href=\"https:\/\/altinho.pe.gov.br\/v1\/governo-municipal-avanca-no-processo-de-armamento-da-guarda-civil-municipal\/\">LEIA MAIS <i class=\"fa fa-angle-double-right\" aria-hidden=\"true\"><\/i><br \/>\n<\/a><\/p>\n","protected":false},"author":2,"featured_media":37500,"comment_status":"open","ping_status":"closed","sticky":false,"template":"","format":"standard","meta":{"footnotes":""},"categories":[4],"tags":[],"class_list":["post-37498","post","type-post","status-publish","format-standard","has-post-thumbnail","hentry","category-governo-em-acao","active"],"_links":{"self":[{"href":"https:\/\/altinho.pe.gov.br\/v1\/wp-json\/wp\/v2\/posts\/37498","targetHints":{"allow":["GET"]}}],"collection":[{"href":"https:\/\/altinho.pe.gov.br\/v1\/wp-json\/wp\/v2\/posts"}],"about":[{"href":"https:\/\/altinho.pe.gov.br\/v1\/wp-json\/wp\/v2\/types\/post"}],"author":[{"embeddable":true,"href":"https:\/\/altinho.pe.gov.br\/v1\/wp-json\/wp\/v2\/users\/2"}],"replies":[{"embeddable":true,"href":"https:\/\/altinho.pe.gov.br\/v1\/wp-json\/wp\/v2\/comments?post=37498"}],"version-history":[{"count":1,"href":"https:\/\/altinho.pe.gov.br\/v1\/wp-json\/wp\/v2\/posts\/37498\/revisions"}],"predecessor-version":[{"id":37503,"href":"https:\/\/altinho.pe.gov.br\/v1\/wp-json\/wp\/v2\/posts\/37498\/revisions\/37503"}],"wp:featuredmedia":[{"embeddable":true,"href":"https:\/\/altinho.pe.gov.br\/v1\/wp-json\/wp\/v2\/media\/37500"}],"wp:attachment":[{"href":"https:\/\/altinho.pe.gov.br\/v1\/wp-json\/wp\/v2\/media?parent=37498"}],"wp:term":[{"taxonomy":"category","embeddable":true,"href":"https:\/\/altinho.pe.gov.br\/v1\/wp-json\/wp\/v2\/categories?post=37498"},{"taxonomy":"post_tag","embeddable":true,"href":"https:\/\/altinho.pe.gov.br\/v1\/wp-json\/wp\/v2\/tags?post=37498"}],"curies":[{"name":"wp","href":"https:\/\/api.w.org\/{rel}","templated":true}]}}