{"id":37305,"date":"2025-06-13T12:13:58","date_gmt":"2025-06-13T15:13:58","guid":{"rendered":"https:\/\/altinho.pe.gov.br\/v1\/?p=37305"},"modified":"2025-06-13T12:14:15","modified_gmt":"2025-06-13T15:14:15","slug":"secretaria-da-mulher-de-altinho-participa-da-inauguracao-da-1a-lavanderia-publica-de-caruaru","status":"publish","type":"post","link":"https:\/\/altinho.pe.gov.br\/v1\/secretaria-da-mulher-de-altinho-participa-da-inauguracao-da-1a-lavanderia-publica-de-caruaru\/","title":{"rendered":"Secret\u00e1ria da Mulher de Altinho participa da inaugura\u00e7\u00e3o da 1\u00aa Lavanderia P\u00fablica de Caruaru"},"content":{"rendered":"\n<figure class=\"wp-block-image size-large\"><a href=\"https:\/\/altinho.pe.gov.br\/v1\/wp-content\/uploads\/2025\/06\/WhatsApp-Image-2025-06-13-at-12.10.19.jpeg\"><img loading=\"lazy\" decoding=\"async\" width=\"750\" height=\"422\" src=\"https:\/\/altinho.pe.gov.br\/v1\/wp-content\/uploads\/2025\/06\/WhatsApp-Image-2025-06-13-at-12.10.19-750x422.jpeg\" alt=\"\" class=\"wp-image-37306\" srcset=\"https:\/\/altinho.pe.gov.br\/v1\/wp-content\/uploads\/2025\/06\/WhatsApp-Image-2025-06-13-at-12.10.19-750x422.jpeg 750w, https:\/\/altinho.pe.gov.br\/v1\/wp-content\/uploads\/2025\/06\/WhatsApp-Image-2025-06-13-at-12.10.19-300x169.jpeg 300w, https:\/\/altinho.pe.gov.br\/v1\/wp-content\/uploads\/2025\/06\/WhatsApp-Image-2025-06-13-at-12.10.19-150x84.jpeg 150w, https:\/\/altinho.pe.gov.br\/v1\/wp-content\/uploads\/2025\/06\/WhatsApp-Image-2025-06-13-at-12.10.19-768x432.jpeg 768w, https:\/\/altinho.pe.gov.br\/v1\/wp-content\/uploads\/2025\/06\/WhatsApp-Image-2025-06-13-at-12.10.19.jpeg 1280w\" sizes=\"auto, (max-width: 750px) 100vw, 750px\" \/><\/a><\/figure>\n\n\n\n<p>A Prefeitura do Altinho, por meio da Secretaria da Mulher, marcou presen\u00e7a na inaugura\u00e7\u00e3o da primeira Lavanderia P\u00fablica de Caruaru, localizada no Residencial Luiz Bezerra Torres. O evento contou com a participa\u00e7\u00e3o da Secret\u00e1ria da Mulher de Altinho, Wedja Matias, e da Diretora de Pol\u00edticas para as Mulheres, Maria Lu\u00edsa.<\/p>\n\n\n\n<p>A iniciativa pioneira do munic\u00edpio de Caruaru tem como objetivo oferecer mais dignidade, autonomia e qualidade de vida \u00e0s mulheres em situa\u00e7\u00e3o de vulnerabilidade social, promovendo um espa\u00e7o coletivo e gratuito para a realiza\u00e7\u00e3o de tarefas dom\u00e9sticas essenciais, como a lavagem de roupas.<\/p>\n\n\n\n<figure class=\"wp-block-gallery has-nested-images columns-default is-cropped wp-block-gallery-1 is-layout-flex wp-block-gallery-is-layout-flex\">\n<figure class=\"wp-block-image size-large\"><a href=\"https:\/\/altinho.pe.gov.br\/v1\/wp-content\/uploads\/2025\/06\/WhatsApp-Image-2025-06-13-at-12.10.19-2.jpeg\"><img loading=\"lazy\" decoding=\"async\" width=\"422\" height=\"750\" data-id=\"37307\" src=\"https:\/\/altinho.pe.gov.br\/v1\/wp-content\/uploads\/2025\/06\/WhatsApp-Image-2025-06-13-at-12.10.19-2-422x750.jpeg\" alt=\"\" class=\"wp-image-37307\" srcset=\"https:\/\/altinho.pe.gov.br\/v1\/wp-content\/uploads\/2025\/06\/WhatsApp-Image-2025-06-13-at-12.10.19-2-422x750.jpeg 422w, https:\/\/altinho.pe.gov.br\/v1\/wp-content\/uploads\/2025\/06\/WhatsApp-Image-2025-06-13-at-12.10.19-2-169x300.jpeg 169w, https:\/\/altinho.pe.gov.br\/v1\/wp-content\/uploads\/2025\/06\/WhatsApp-Image-2025-06-13-at-12.10.19-2-84x150.jpeg 84w, https:\/\/altinho.pe.gov.br\/v1\/wp-content\/uploads\/2025\/06\/WhatsApp-Image-2025-06-13-at-12.10.19-2-768x1365.jpeg 768w, https:\/\/altinho.pe.gov.br\/v1\/wp-content\/uploads\/2025\/06\/WhatsApp-Image-2025-06-13-at-12.10.19-2-864x1536.jpeg 864w, https:\/\/altinho.pe.gov.br\/v1\/wp-content\/uploads\/2025\/06\/WhatsApp-Image-2025-06-13-at-12.10.19-2.jpeg 900w\" sizes=\"auto, (max-width: 422px) 100vw, 422px\" \/><\/a><\/figure>\n\n\n\n<figure class=\"wp-block-image size-large\"><a href=\"https:\/\/altinho.pe.gov.br\/v1\/wp-content\/uploads\/2025\/06\/WhatsApp-Image-2025-06-13-at-12.10.19-1.jpeg\"><img loading=\"lazy\" decoding=\"async\" width=\"422\" height=\"750\" data-id=\"37308\" src=\"https:\/\/altinho.pe.gov.br\/v1\/wp-content\/uploads\/2025\/06\/WhatsApp-Image-2025-06-13-at-12.10.19-1-422x750.jpeg\" alt=\"\" class=\"wp-image-37308\" srcset=\"https:\/\/altinho.pe.gov.br\/v1\/wp-content\/uploads\/2025\/06\/WhatsApp-Image-2025-06-13-at-12.10.19-1-422x750.jpeg 422w, https:\/\/altinho.pe.gov.br\/v1\/wp-content\/uploads\/2025\/06\/WhatsApp-Image-2025-06-13-at-12.10.19-1-169x300.jpeg 169w, https:\/\/altinho.pe.gov.br\/v1\/wp-content\/uploads\/2025\/06\/WhatsApp-Image-2025-06-13-at-12.10.19-1-84x150.jpeg 84w, https:\/\/altinho.pe.gov.br\/v1\/wp-content\/uploads\/2025\/06\/WhatsApp-Image-2025-06-13-at-12.10.19-1.jpeg 720w\" sizes=\"auto, (max-width: 422px) 100vw, 422px\" \/><\/a><\/figure>\n<\/figure>\n\n\n\n<p>Durante a visita, a equipe altinense p\u00f4de conhecer de perto o funcionamento da lavanderia, que ser\u00e1 administrada com foco no fortalecimento das pol\u00edticas p\u00fablicas voltadas para as mulheres, especialmente nos eixos de gera\u00e7\u00e3o de renda, equidade de g\u00eanero e assist\u00eancia social.<\/p>\n\n\n\n<p>A presen\u00e7a da equipe de Altinho na inaugura\u00e7\u00e3o refor\u00e7a o compromisso da atual gest\u00e3o com a promo\u00e7\u00e3o de pol\u00edticas p\u00fablicas inclusivas e transformadoras, que contribuam para o empoderamento feminino e o bem-estar das fam\u00edlias altinenses.<\/p>\n\n\n\n<p>Prefeitura do Altinho<br><strong>UNI\u00c3O, INCLUS\u00c3O E IGUALDADE<\/strong><br>ASCOM \u2013 Assessoria de Comunica\u00e7\u00e3o, Jornalismo e Publicidade \u00a92025<\/p>\n","protected":false},"excerpt":{"rendered":"<p>A Prefeitura do Altinho, por meio da Secretaria da Mulher, marcou presen\u00e7a na inaugura\u00e7\u00e3o da primeira Lavanderia P\u00fablica de Caruaru, localizada no Residencial Luiz Bezerra Torres. O evento contou com a participa\u00e7\u00e3o <a class=\"leiamais\" href=\"https:\/\/altinho.pe.gov.br\/v1\/secretaria-da-mulher-de-altinho-participa-da-inauguracao-da-1a-lavanderia-publica-de-caruaru\/\">LEIA MAIS <i class=\"fa fa-angle-double-right\" aria-hidden=\"true\"><\/i><br \/>\n<\/a><\/p>\n","protected":false},"author":2,"featured_media":37306,"comment_status":"open","ping_status":"closed","sticky":false,"template":"","format":"standard","meta":{"footnotes":""},"categories":[6],"tags":[],"class_list":["post-37305","post","type-post","status-publish","format-standard","has-post-thumbnail","hentry","category-noticias","active"],"_links":{"self":[{"href":"https:\/\/altinho.pe.gov.br\/v1\/wp-json\/wp\/v2\/posts\/37305","targetHints":{"allow":["GET"]}}],"collection":[{"href":"https:\/\/altinho.pe.gov.br\/v1\/wp-json\/wp\/v2\/posts"}],"about":[{"href":"https:\/\/altinho.pe.gov.br\/v1\/wp-json\/wp\/v2\/types\/post"}],"author":[{"embeddable":true,"href":"https:\/\/altinho.pe.gov.br\/v1\/wp-json\/wp\/v2\/users\/2"}],"replies":[{"embeddable":true,"href":"https:\/\/altinho.pe.gov.br\/v1\/wp-json\/wp\/v2\/comments?post=37305"}],"version-history":[{"count":1,"href":"https:\/\/altinho.pe.gov.br\/v1\/wp-json\/wp\/v2\/posts\/37305\/revisions"}],"predecessor-version":[{"id":37309,"href":"https:\/\/altinho.pe.gov.br\/v1\/wp-json\/wp\/v2\/posts\/37305\/revisions\/37309"}],"wp:featuredmedia":[{"embeddable":true,"href":"https:\/\/altinho.pe.gov.br\/v1\/wp-json\/wp\/v2\/media\/37306"}],"wp:attachment":[{"href":"https:\/\/altinho.pe.gov.br\/v1\/wp-json\/wp\/v2\/media?parent=37305"}],"wp:term":[{"taxonomy":"category","embeddable":true,"href":"https:\/\/altinho.pe.gov.br\/v1\/wp-json\/wp\/v2\/categories?post=37305"},{"taxonomy":"post_tag","embeddable":true,"href":"https:\/\/altinho.pe.gov.br\/v1\/wp-json\/wp\/v2\/tags?post=37305"}],"curies":[{"name":"wp","href":"https:\/\/api.w.org\/{rel}","templated":true}]}}